{"id":7388,"date":"2024-12-11T04:11:28","date_gmt":"2024-12-11T02:11:28","guid":{"rendered":"https:\/\/tretinoins.com\/?p=7388"},"modified":"2024-12-31T12:03:14","modified_gmt":"2024-12-31T10:03:14","slug":"mi-a-tretinoin-praktikus-utmutato-9-lepesben%e2%81%a0","status":"publish","type":"post","link":"https:\/\/tretinoins.com\/hu\/mi-a-tretinoin-praktikus-utmutato-9-lepesben%e2%81%a0\/","title":{"rendered":"Mi a Tretinoin: Praktikus \u00fatmutat\u00f3 9 l\u00e9p\u00e9sben\u2060"},"content":{"rendered":"<p><img fetchpriority=\"high\" decoding=\"async\" class=\"alignnone size-medium wp-image-7359\" src=\"https:\/\/tretinoins.com\/wp-content\/uploads\/2024\/12\/what-is-tretinoin-460x575.jpeg\" alt=\"what is Tretinoin\" width=\"460\" height=\"575\" srcset=\"https:\/\/tretinoins.com\/wp-content\/uploads\/2024\/12\/what-is-tretinoin-460x575.jpeg 460w, https:\/\/tretinoins.com\/wp-content\/uploads\/2024\/12\/what-is-tretinoin-1520x1900.jpeg 1520w, https:\/\/tretinoins.com\/wp-content\/uploads\/2024\/12\/what-is-tretinoin-760x950.jpeg 760w, https:\/\/tretinoins.com\/wp-content\/uploads\/2024\/12\/what-is-tretinoin-920x1150.jpeg 920w, https:\/\/tretinoins.com\/wp-content\/uploads\/2024\/12\/what-is-tretinoin-116x145.jpeg 116w, https:\/\/tretinoins.com\/wp-content\/uploads\/2024\/12\/what-is-tretinoin-232x290.jpeg 232w\" sizes=\"(max-width: 460px) 100vw, 460px\" \/><\/p>\n<h2><strong>1. A Tretinoin \u00e1ttekint\u00e9se<\/strong><\/h2>\n<p><span class=\"notion-enable-hover\" data-token-index=\"0\">Mi a Tretinoin? <\/span><!-- notionvc: bde0108f-b042-47ad-8b64-cb57acb7f202 -->A tretinoin, amely az A-vitamin sz\u00e1rmaz\u00e9ka, egy gyakran haszn\u00e1lt hat\u00f3anyag a b\u0151rgy\u00f3gy\u00e1szatban sz\u00e1mos b\u0151rre gyakorolt el\u0151ny\u00f6s hat\u00e1sa miatt. Megvizsg\u00e1ljuk az el\u0151ny\u00f6ket, felhaszn\u00e1l\u00e1si m\u00f3dokat \u00e9s az \u00f3vint\u00e9zked\u00e9seket, amelyeket figyelembe kell venni a hat\u00f3anyag haszn\u00e1latakor.<\/p>\n<p>A tretinoin, m\u00e1s n\u00e9ven all-trans retinsav, az A-vitamin szintetikus sz\u00e1rmaz\u00e9ka, \u00e9s az egyik legjobban tanulm\u00e1nyozott \u00e9s haszn\u00e1lt retinoid a b\u0151rgy\u00f3gy\u00e1szatban. Az \u00e9vtizedek sor\u00e1n a tretinoin kiv\u00edvta mag\u00e1nak a h\u00edrnevet, mint hat\u00e9kony szer k\u00fcl\u00f6nb\u00f6z\u0151 b\u0151rgy\u00f3gy\u00e1szati \u00e1llapotok kezel\u00e9s\u00e9ben, mivel k\u00e9pes el\u0151seg\u00edteni a sejtek meg\u00fajul\u00e1s\u00e1t \u00e9s jav\u00edtani a b\u0151r eszt\u00e9tikai megjelen\u00e9s\u00e9t.<\/p>\n<p><strong>Eredet \u00e9s felfedez\u00e9s<\/strong><\/p>\n<p>A tretioint az 1960-as \u00e9vekben fedezt\u00e9k fel, amikor a kutat\u00f3k hat\u00e9kony megold\u00e1sokat kerestek az akne kezel\u00e9s\u00e9re. A retinsav gyorsan a b\u0151rgy\u00f3gy\u00e1szati ter\u00e1pi\u00e1s protokollok sarokk\u00f6v\u00e9v\u00e9 v\u00e1lt, k\u00f6sz\u00f6nhet\u0151en a sejth\u00e1ml\u00e1sra \u00e9s b\u0151rregener\u00e1ci\u00f3ra gyakorolt er\u0151teljes \u00e9s gyors hat\u00e1s\u00e1nak.<\/p>\n<p><strong>Hat\u00e1smechanizmus<\/strong><\/p>\n<p>A tretinoin hat\u00e9konys\u00e1g\u00e1nak k\u00f6z\u00e9ppontj\u00e1ban az a egyed\u00fcl\u00e1ll\u00f3 tulajdons\u00e1ga \u00e1ll, hogy k\u00e9pes k\u00f6lcs\u00f6nhat\u00e1sba l\u00e9pni a b\u0151rben tal\u00e1lhat\u00f3 retin-specifikus receptorokkal. Ez a mechanizmus serkenti a sejtek meg\u00fajul\u00e1s\u00e1t, azt a folyamatot, amely sor\u00e1n a b\u0151rsejtek meg\u00faj\u00edtj\u00e1k magukat, elt\u00e1vol\u00edtva az elhalt sejteket \u00e9s helyettes\u00edtve \u0151ket \u00faj, eg\u00e9szs\u00e9ges sejtekkel. Hat\u00e1sa a k\u00f6vetkez\u0151ket foglalja mag\u00e1ban:<\/p>\n<ul>\n<li><strong>A fel\u00fcleti b\u0151rr\u00e9tegek h\u00e1mlaszt\u00e1sa<\/strong>: Ez seg\u00edt megel\u0151zni a p\u00f3rusok elt\u00f6m\u0151d\u00e9s\u00e9t \u00e9s cs\u00f6kkenti az akne kialakul\u00e1s\u00e1t.<\/li>\n<li><strong>Kollag\u00e9ntermel\u00e9s serkent\u00e9se<\/strong>: Ahogy a kollag\u00e9n mennyis\u00e9ge n\u00f6vekszik, javul a b\u0151r rugalmass\u00e1ga \u00e9s cs\u00f6kkennek a finom r\u00e1ncok.<\/li>\n<li><strong>A b\u0151r text\u00far\u00e1j\u00e1nak jav\u00edt\u00e1sa<\/strong>: A t\u00f3nus \u00e9s a text\u00fara kiegyenl\u00edt\u00e9s\u00e9vel a b\u0151r fiatalosabb \u00e9s sim\u00e1bb megjelen\u00e9st kap.<\/li>\n<\/ul>\n<h2><strong>2. Mi a Tretinoin?<\/strong><\/h2>\n<p>A tretinoin, vagy all-trans retinsav, az egyik legalaposabban tanulm\u00e1nyozott retinoid, jelent\u0151s \u00e9s j\u00f3l dokument\u00e1lt b\u0151rgy\u00f3gy\u00e1szati alkalmaz\u00e1sokkal. Kulcsfontoss\u00e1g\u00fa szerepet j\u00e1tszik a b\u0151rkezel\u00e9sekben, mivel k\u00e9pes jav\u00edtani a sejtek meg\u00fajul\u00e1s\u00e1t \u00e9s pozit\u00edvan befoly\u00e1solja a b\u0151r szerkezet\u00e9t \u00e9s m\u0171k\u00f6d\u00e9s\u00e9t.<\/p>\n<p><strong>Hat\u00e1smechanizmus<\/strong><\/p>\n<p>Tudom\u00e1nyos szempontb\u00f3l a tretinoin \u00fagy m\u0171k\u00f6dik, hogy k\u00f6t\u0151dik az epiderm\u00e1lis sejtek magj\u00e1ban tal\u00e1lhat\u00f3 retinoid receptorokhoz, amelyek aktiv\u00e1lj\u00e1k vagy deaktiv\u00e1lj\u00e1k bizonyos g\u00e9nek \u00e1t\u00edr\u00e1s\u00e1t, amelyek r\u00e9szt vesznek a sejtek differenci\u00e1l\u00f3d\u00e1s\u00e1ban \u00e9s fejl\u0151d\u00e9s\u00e9ben. Ez a folyamat a k\u00f6vetkez\u0151kkel j\u00e1r:<\/p>\n<ul>\n<li><strong>Hat\u00e1s a keratinocit\u00e1kra<\/strong>: A tretinoin serkenti ezen sejtek szaporod\u00e1s\u00e1t \u00e9s differenci\u00e1l\u00f3d\u00e1s\u00e1t, amelyek az epidermisz \u00e9p\u00edt\u0151k\u00f6vei, \u00edgy hozz\u00e1j\u00e1rul egy eg\u00e9szs\u00e9gesebb \u00e9s jobban m\u0171k\u00f6d\u0151 epiderm\u00e1lis r\u00e9teghez.<\/li>\n<li><strong>Kollag\u00e9ntermel\u00e9s serkent\u00e9se<\/strong>: A <em>Journal of Investigative Dermatology<\/em> [1] foly\u00f3iratban megjelent cikk kimutatta, hogy az id\u0151s\u00f6d\u0151 b\u0151rre helyileg alkalmazott tretinoin jelent\u0151sen n\u00f6velte az \u00faj kollag\u00e9n szint\u00e9zis\u00e9t az irh\u00e1ban, jav\u00edtva ezzel a megl\u00e9v\u0151 kollag\u00e9nrostok elhelyezked\u00e9s\u00e9t \u00e9s s\u0171r\u0171s\u00e9g\u00e9t.<\/li>\n<li><strong>Enzimaktivit\u00e1s g\u00e1tl\u00e1sa<\/strong>: A kutat\u00e1sok kimutatt\u00e1k, hogy a retinsav k\u00e9pes g\u00e1tolni az UV-sug\u00e1rz\u00e1sb\u00f3l sz\u00e1rmaz\u00f3, kollag\u00e9nt lebont\u00f3 term\u00e9keket, \u00edgy v\u00e9dve a kollag\u00e9n szerkezet\u00e9t \u00e9s az irha \u00e9ps\u00e9g\u00e9t [2].<\/li>\n<\/ul>\n<p><strong>Klinikai Bizony\u00edt\u00e9kok \u00e9s Tanulm\u00e1nyok<\/strong><\/p>\n<p>Sz\u00e1mos klinikai vizsg\u00e1lat elemezte a tretinoin felhaszn\u00e1l\u00e1s\u00e1t \u00e9s hat\u00e1sait, al\u00e1t\u00e1masztva annak l\u00e9tfontoss\u00e1g\u00fa szerep\u00e9t a b\u0151rgy\u00f3gy\u00e1szatban:<\/p>\n<ul>\n<li><strong>Akn\u00e9 kezel\u00e9se<\/strong>: A <em>British Journal of Dermatology<\/em> [3] foly\u00f3iratban megjelent placebo-kontroll\u00e1lt kett\u0151s vak vizsg\u00e1latban meg\u00e1llap\u00edtott\u00e1k, hogy a tretinoin napi alkalmaz\u00e1sa k\u00f6r\u00fclbel\u00fcl 40%-os cs\u00f6kken\u00e9st eredm\u00e9nyezett az akn\u00e9s l\u00e9zi\u00f3kban 12 h\u00e9t alatt, bizony\u00edtva, hogy a kezel\u00e9s hat\u00e9kony \u00e9s j\u00f3l toler\u00e1lhat\u00f3.<\/li>\n<li><strong>F\u00e9nyk\u00e1rosod\u00e1s kezel\u00e9se<\/strong>: Az <em>Archives of Dermatology<\/em> [4] foly\u00f3iratban megjelent m\u00e1sik tanulm\u00e1ny a tretinoin hat h\u00f3napos haszn\u00e1lat\u00e1nak hat\u00e1sait vizsg\u00e1lta f\u00e9nyk\u00e1rosodott b\u0151r\u0171 p\u00e1ciensekn\u00e9l. A r\u00e9sztvev\u0151k l\u00e1that\u00f3 javul\u00e1st mutattak a b\u0151r text\u00far\u00e1j\u00e1ban, valamint jelent\u0151s cs\u00f6kken\u00e9st a finom r\u00e1ncokban, kiemelve a tretinoin hat\u00e9konys\u00e1g\u00e1t a nap okozta k\u00e1rosod\u00e1sok kezel\u00e9s\u00e9ben.<\/li>\n<li><strong>Szerepe a korai \u00f6reged\u00e9si szindr\u00f3m\u00e1kban<\/strong>: A hossz\u00fa t\u00e1v\u00fa vizsg\u00e1latok kimutatt\u00e1k, hogy a tretinoin rendszeres haszn\u00e1lata k\u00e9sleltetheti az \u00f6reged\u00e9si jelek megjelen\u00e9s\u00e9t a kollag\u00e9n n\u00f6vel\u00e9s\u00e9n \u00e9s a szab\u00e1lytalan pigment\u00e1ci\u00f3 cs\u00f6kkent\u00e9s\u00e9n kereszt\u00fcl [5].<\/li>\n<\/ul>\n<h2><strong>3. A Tretinoin Kutat\u00e1sok T\u00f6rt\u00e9nete \u00e9s Fejl\u0151d\u00e9se<\/strong><\/h2>\n<p>A tretinoin, k\u00e9miai nev\u00e9n all-trans retinsav, gazdag kutat\u00e1si \u00e9s alkalmaz\u00e1si m\u00falttal rendelkezik a b\u0151rgy\u00f3gy\u00e1szatban, \u00e9s \u00e9vtizedek \u00f3ta sz\u00e1mos tudom\u00e1nyos vizsg\u00e1lat t\u00e1rgy\u00e1t k\u00e9pezi. Az al\u00e1bbiakban a tretinoin fejl\u0151d\u00e9s\u00e9nek r\u00e9szletes kronol\u00f3gi\u00e1j\u00e1t mutatjuk be:<\/p>\n<p><strong>1969 &#8211; Az Akn\u00e9 Kezel\u00e9s\u00e9ben Val\u00f3 Hat\u00e9konys\u00e1g Felfedez\u00e9se<\/strong><\/p>\n<ul>\n<li><strong>Dr. Albert M. Kligman \u00e9s Dr. James Fulton<\/strong>, a Pennsylvaniai Egyetem kutat\u00f3i fedezt\u00e9k fel a tretinoin hat\u00e9konys\u00e1g\u00e1t az acne vulgaris kezel\u00e9s\u00e9ben. Kezdeti tanulm\u00e1nyaikban Kligman \u00e9s Fulton jelent\u0151s javul\u00e1st figyeltek meg az anyaggal kezelt betegekn\u00e9l, megalapozva ezzel a szer sz\u00e9les k\u00f6r\u0171 b\u0151rgy\u00f3gy\u00e1szati alkalmaz\u00e1s\u00e1t.<\/li>\n<\/ul>\n<p><strong>1971 &#8211; FDA J\u00f3v\u00e1hagy\u00e1s<\/strong><\/p>\n<ul>\n<li>A tretinoint <strong>1971-ben hagyta j\u00f3v\u00e1 az Amerikai \u00c9lelmiszer- \u00e9s Gy\u00f3gyszer\u00fcgyi Hivatal (FDA)<\/strong> Retin-A m\u00e1rkan\u00e9v alatt akn\u00e9 kezel\u00e9s\u00e9re. Ez jelent\u0151s m\u00e9rf\u00f6ldk\u0151 volt, mivel ez volt az egyik els\u0151 retinoid, amit b\u0151rgy\u00f3gy\u00e1szati haszn\u00e1latra enged\u00e9lyeztek.<\/li>\n<\/ul>\n<p><strong>1980 &#8211; Kib\u0151v\u00edtett Vizsg\u00e1latok a F\u00e9nyk\u00e1rosod\u00e1sr\u00f3l<\/strong><\/p>\n<ul>\n<li>Az 1980-as \u00e9vekben a kutat\u00e1sok kiterjedtek a tretinoin f\u00e9nyk\u00e1rosodott b\u0151r kezel\u00e9s\u00e9ben val\u00f3 el\u0151nyeinek vizsg\u00e1lat\u00e1ra. A <strong>Dr. John J. Voorhees<\/strong> \u00e1ltal a Michigani Egyetemen v\u00e9gzett tanulm\u00e1nyok kimutatt\u00e1k, hogy a tretinoin jelent\u0151sen cs\u00f6kkenti a finom r\u00e1ncokat \u00e9s jav\u00edtja a napk\u00e1rosodott b\u0151r text\u00far\u00e1j\u00e1t.<\/li>\n<\/ul>\n<p><strong>1990 &#8211; Nagy Klinikai Vizsg\u00e1latok \u00e9s Jelent\u0151s Publik\u00e1ci\u00f3k<\/strong><\/p>\n<ul>\n<li>Sz\u00e1mos klinikai vizsg\u00e1lat igazolta a tretinoin j\u00f3t\u00e9kony hat\u00e1sait a b\u0151r\u00f6reged\u00e9sre. 1995-ben az <em>Journal of the American Academy of Dermatology<\/em> foly\u00f3iratban megjelent jelent\u0151s tanulm\u00e1ny 204 beteg vizsg\u00e1lat\u00e1val kimutatta, hogy a tretinoin napi haszn\u00e1lata jelent\u0151sen jav\u00edtotta a b\u0151r rugalmass\u00e1g\u00e1t \u00e9s cs\u00f6kkentette a r\u00e1ncokat.<\/li>\n<\/ul>\n<p><strong>2000 &#8211; \u00daj Formul\u00e1k \u00e9s Koncentr\u00e1ci\u00f3k Fejleszt\u00e9se<\/strong><\/p>\n<ul>\n<li>Ahogy n\u0151tt az \u00e9rdekl\u0151d\u00e9s a tretinoin ir\u00e1nt, \u00faj formul\u00e1kat \u00e9s koncentr\u00e1ci\u00f3kat fejlesztettek ki az irrit\u00e1ci\u00f3 cs\u00f6kkent\u00e9s\u00e9re, amely gyakori mell\u00e9khat\u00e1sa volt a szernek. Megkezd\u0151dtek a k\u00edm\u00e9letesebb formul\u00e1k \u00e9s fokozatos adagol\u00e1si m\u00f3dszerek vizsg\u00e1latai a betegek jobb toleranci\u00e1j\u00e1nak \u00e9rdek\u00e9ben.<\/li>\n<\/ul>\n<p><strong>2010 \u00e9s Azut\u00e1n &#8211; Folyamatos Kutat\u00e1s \u00e9s M\u00e9lyebb Meg\u00e9rt\u00e9s<\/strong><\/p>\n<ul>\n<li>Egy 2012-ben a <em>Dermatologic Surgery<\/em> foly\u00f3iratban megjelent \u00e1tfog\u00f3 tanulm\u00e1nyban a kutat\u00f3k \u00f6sszehasonl\u00edtott\u00e1k a tretinoin hat\u00e1sait m\u00e1s helyi kezel\u00e9sekkel, \u00e9s arra a k\u00f6vetkeztet\u00e9sre jutottak, hogy tov\u00e1bbra is ez az egyik leghat\u00e9konyabb megold\u00e1s a b\u0151rfiatal\u00edt\u00e1sra \u00e9s az akn\u00e9 kezel\u00e9s\u00e9re.<\/li>\n<li>A kutat\u00e1sok azt is vizsg\u00e1lt\u00e1k, hogyan haszn\u00e1lhat\u00f3 a tretinoin m\u00e1s kezel\u00e9sekkel, p\u00e9ld\u00e1ul k\u00e9miai h\u00e1mlaszt\u00e1ssal \u00e9s l\u00e9zerter\u00e1pi\u00e1val kombin\u00e1lva, \u00e9s meg\u00e1llap\u00edtott\u00e1k, hogy ez a kombin\u00e1ci\u00f3 fokozhatja a b\u0151rfiatal\u00edt\u00f3 \u00e9s regener\u00e1l\u00f3 hat\u00e1sokat.<\/li>\n<\/ul>\n<p>Ez a kronol\u00f3gia t\u00fckr\u00f6zi a tudom\u00e1nyos \u00e9s orvosi k\u00f6z\u00f6ss\u00e9g folyamatos elk\u00f6telezetts\u00e9g\u00e9t a tretinoin felhaszn\u00e1l\u00e1si lehet\u0151s\u00e9geinek felt\u00e1r\u00e1sa \u00e9s b\u0151v\u00edt\u00e9se ir\u00e1nt. Az akn\u00e9 kezel\u00e9s\u00e9ben val\u00f3 kezdeti hat\u00e9konys\u00e1g\u00e1t\u00f3l a komplexebb b\u0151rprobl\u00e9m\u00e1k kezel\u00e9s\u00e9ig a tretinoin tov\u00e1bbra is a b\u0151rgy\u00f3gy\u00e1szati kutat\u00e1sok sarokk\u00f6ve, jelent\u0151s hat\u00e1st gyakorolva a b\u0151rgy\u00f3gy\u00e1szati gyakorlatra \u00e9s kezel\u00e9sekre.<\/p>\n<h2><strong>4. A Tretinoin t\u00f6rt\u00e9nete \u00e9s fejl\u0151d\u00e9se Eur\u00f3p\u00e1ban<\/strong><\/h2>\n<p>Az Egyes\u00fclt \u00c1llamokban t\u00f6rt\u00e9nt kezdeti elismer\u00e9s\u00e9t k\u00f6vet\u0151en a tretinoin ir\u00e1nti \u00e9rdekl\u0151d\u00e9s gyorsan \u00e1tterjedt Eur\u00f3p\u00e1ra, ahol a kutat\u00f3k \u00e9s klinikusok elkezdt\u00e9k vizsg\u00e1lni ennek a retinoidnak az alkalmazhat\u00f3s\u00e1g\u00e1t \u00e9s hat\u00e9konys\u00e1g\u00e1t az eur\u00f3pai b\u0151rgy\u00f3gy\u00e1szati ell\u00e1t\u00e1s kontextus\u00e1ban.<\/p>\n<p><strong>1970-es \u00e9s 1980-as \u00e9vek &#8211; Els\u0151 bevezet\u00e9sek \u00e9s kapcsol\u00f3d\u00f3 tanulm\u00e1nyok<\/strong><\/p>\n<ul>\n<li>Az 1970-es \u00e9vekben a tretinoint kezdt\u00e9k alkalmazni n\u00e9h\u00e1ny eur\u00f3pai orsz\u00e1gban, kezdetben korl\u00e1tozott m\u00f3don, s\u00falyos akne kezel\u00e9s\u00e9re. A szakemberek megfigyelt\u00e9k hat\u00e9konys\u00e1g\u00e1t nem csak a p\u00f3rusok tiszt\u00edt\u00e1s\u00e1ban, hanem a b\u0151rgyullad\u00e1s cs\u00f6kkent\u00e9s\u00e9ben is.<\/li>\n<li>Fontos momentum volt a klinikai tanulm\u00e1nyok regisztr\u00e1ci\u00f3ja, amelyek igazolt\u00e1k a tretinoin hat\u00e1s\u00e1t k\u00fcl\u00f6nb\u00f6z\u0151 t\u00edpus\u00fa akn\u00e9k eset\u00e9ben, meger\u0151s\u00edtve az Egyes\u00fclt \u00c1llamokban kor\u00e1bban el\u00e9rt eredm\u00e9nyeket. Ezek a tanulm\u00e1nyok gyorsan felkeltett\u00e9k a nyugat-eur\u00f3pai b\u0151rgy\u00f3gy\u00e1szok figyelm\u00e9t.<\/li>\n<\/ul>\n<p><strong>1990-es \u00e9vek &#8211; M\u00e9ly\u00fcl\u0151 tanulm\u00e1nyok \u00e9s b\u0151v\u00fcl\u0151 felhaszn\u00e1l\u00e1s<\/strong><\/p>\n<ul>\n<li>Az 1990-es \u00e9vekben a tretinoin haszn\u00e1lata b\u0151v\u00fclt az \u00faj adatok el\u00e9rhet\u0151v\u00e9 v\u00e1l\u00e1s\u00e1val. K\u00fcl\u00f6n\u00f6sen Franciaorsz\u00e1g, N\u00e9metorsz\u00e1g \u00e9s az Egyes\u00fclt Kir\u00e1lys\u00e1g kezdett olyan ter\u00e1pi\u00e1s protokollokat bevezetni, amelyek tretioint tartalmaztak a b\u0151r text\u00far\u00e1j\u00e1nak jav\u00edt\u00e1s\u00e1ra \u00e9s a f\u00e9ny\u00f6reged\u00e9s jeleinek cs\u00f6kkent\u00e9s\u00e9re.<\/li>\n<li>Ebben az id\u0151szakban sz\u00e1mos eur\u00f3pai egyetem \u00e9s kutat\u00f3int\u00e9zet v\u00e9gzett \u00f6sszehasonl\u00edt\u00f3 vizsg\u00e1latokat a tretinoin \u00e9s m\u00e1s el\u00e9rhet\u0151 helyi kezel\u00e9sek, p\u00e9ld\u00e1ul az azelainsav \u00e9s a glikolsav k\u00f6z\u00f6tt, kiemelve a tretinoin kimagasl\u00f3 hat\u00e9konys\u00e1g\u00e1t az akn\u00e9 l\u00e9zi\u00f3k cs\u00f6kkent\u00e9s\u00e9ben \u00e9s az \u00f6reged\u00e9sg\u00e1tl\u00f3 kezel\u00e9sekben.<\/li>\n<\/ul>\n<p><strong>2000-es \u00e9vek &#8211; Innov\u00e1ci\u00f3 \u00e9s folyamatos kutat\u00e1s<\/strong><\/p>\n<ul>\n<li>A 2000-es \u00e9vekben az eur\u00f3pai kutat\u00e1sok egyre ink\u00e1bb a tretinoin formul\u00e1ci\u00f3k innov\u00e1ci\u00f3j\u00e1ra \u00f6sszpontos\u00edtottak. K\u00fcl\u00f6n\u00f6sen a kev\u00e9sb\u00e9 irrit\u00e1l\u00f3 \u00e9s jobban toler\u00e1lhat\u00f3 viv\u0151anyagok kifejleszt\u00e9s\u00e9re ir\u00e1nyultak az er\u0151fesz\u00edt\u00e9sek.<\/li>\n<li>P\u00e9ld\u00e1ul egy sv\u00e9d tanulm\u00e1ny a mikrokapszul\u00e1zott tretinoin haszn\u00e1lat\u00e1t vizsg\u00e1lta, amely jelent\u0151s cs\u00f6kken\u00e9st mutatott az irritat\u00edv mell\u00e9khat\u00e1sokban an\u00e9lk\u00fcl, hogy kompromitt\u00e1lta volna a ter\u00e1pi\u00e1s hat\u00e9konys\u00e1got [1].<\/li>\n<\/ul>\n<p><strong>2010-es \u00e9vek \u00e9s napjaink &#8211; Integr\u00e1ci\u00f3 az \u00f6reged\u00e9sg\u00e1tl\u00f3 kezel\u00e9sekbe \u00e9s hossz\u00fa t\u00e1v\u00fa tanulm\u00e1nyok<\/strong><\/p>\n<ul>\n<li>Az elm\u00falt \u00e9vtizedben a tretinoin az eur\u00f3pai eszt\u00e9tikai \u00e9s b\u0151rgy\u00f3gy\u00e1szati kezel\u00e9sek kulcsfontoss\u00e1g\u00fa \u00f6sszetev\u0151j\u00e9v\u00e9 v\u00e1lt. Gyakran kombin\u00e1lj\u00e1k m\u00e1s ter\u00e1pi\u00e1kkal, p\u00e9ld\u00e1ul l\u00e9zerkezel\u00e9sekkel \u00e9s k\u00e9miai h\u00e1mlaszt\u00e1ssal, az \u00f6reged\u00e9sg\u00e1tl\u00f3 el\u0151ny\u00f6k maximaliz\u00e1l\u00e1sa \u00e9rdek\u00e9ben.<\/li>\n<li>Sz\u00e1mos \u00faj klinikai tanulm\u00e1ny \u00f6sszpontos\u00edtott a tretinoin hossz\u00fa t\u00e1v\u00fa hat\u00e1saira az eur\u00f3pai b\u0151r\u00f6n, amely tipol\u00f3giai soksz\u00edn\u0171s\u00e9g\u00e9r\u0151l ismert. Az eredm\u00e9nyek folyamatos hat\u00e9konys\u00e1got mutattak a b\u0151r text\u00far\u00e1j\u00e1nak \u00e9s t\u00f3nus\u00e1nak jav\u00edt\u00e1s\u00e1ban a k\u00fcl\u00f6nb\u00f6z\u0151 popul\u00e1ci\u00f3kban.<\/li>\n<\/ul>\n<p>Ezek a v\u00e1llalkoz\u00e1sok \u00e9s felfedez\u00e9sek al\u00e1h\u00fazz\u00e1k a tretinoin fontoss\u00e1g\u00e1t az eur\u00f3pai b\u0151rgy\u00f3gy\u00e1szati gyakorlatban, demonstr\u00e1lva a folyamatos fejl\u0151d\u00e9st mind a kutat\u00e1sban, mind a klinikai alkalmaz\u00e1sban. Szil\u00e1rd tudom\u00e1nyos bizony\u00edt\u00e9kok alapj\u00e1n \u00e9s az \u00faj alkalmaz\u00e1sok ir\u00e1nti folyamatos \u00e9rdekl\u0151d\u00e9ssel a tretinoin tov\u00e1bbra is k\u00f6zponti t\u00e9ma marad a modern b\u0151rgy\u00f3gy\u00e1szatban Eur\u00f3p\u00e1ban \u00e9s azon t\u00fal.<\/p>\n<h2><strong>5. Alapvet\u0151 tudnival\u00f3k a Tretinoinr\u00f3l<\/strong><\/h2>\n<table>\n<thead>\n<tr>\n<th><strong>Jellemz\u0151<\/strong><\/th>\n<th><strong>R\u00e9szletek<\/strong><\/th>\n<\/tr>\n<\/thead>\n<tbody>\n<tr>\n<td><strong>K\u00e9miai forma<\/strong><\/td>\n<td>All-trans retinsav<\/td>\n<\/tr>\n<tr>\n<td><strong>Ter\u00e1pi\u00e1s oszt\u00e1ly<\/strong><\/td>\n<td>Retinoidok, A-vitamin sz\u00e1rmaz\u00e9kok<\/td>\n<\/tr>\n<tr>\n<td><strong>El\u00e9rhet\u0151 form\u00e1k<\/strong><\/td>\n<td>Kr\u00e9m, g\u00e9l, lotion, sz\u00e9rum<\/td>\n<\/tr>\n<tr>\n<td><strong>Orvosi javallatok<\/strong><\/td>\n<td>Akn\u00e9, f\u00e9ny\u00f6reged\u00e9s, aktinikus kerat\u00f3zis<\/td>\n<\/tr>\n<\/tbody>\n<\/table>\n<p><strong>A Tretinoin k\u00e9miai tulajdons\u00e1gai<\/strong><\/p>\n<table>\n<thead>\n<tr>\n<th><strong>Jellemz\u0151<\/strong><\/th>\n<th><strong>R\u00e9szlet<\/strong><\/th>\n<\/tr>\n<\/thead>\n<tbody>\n<tr>\n<td><strong>IUPAC n\u00e9v<\/strong><\/td>\n<td>3,7-dimetil-9-(2,6,6-trimetil-1-ciklohex\u00e9n-1-il)-2,4,6,8-nonatetra\u00e9nsav<\/td>\n<\/tr>\n<tr>\n<td><strong>Molekulak\u00e9plet<\/strong><\/td>\n<td>C({20})H({28})O(_{2})<\/td>\n<\/tr>\n<tr>\n<td><strong>M\u00f3lt\u00f6meg<\/strong><\/td>\n<td>300,44 g\/mol<\/td>\n<\/tr>\n<tr>\n<td><strong>CAS sz\u00e1m<\/strong><\/td>\n<td>302-79-4<\/td>\n<\/tr>\n<tr>\n<td><strong>Olvad\u00e1spont<\/strong><\/td>\n<td>K\u00f6r\u00fclbel\u00fcl 182-186 \u00b0C<\/td>\n<\/tr>\n<tr>\n<td><strong>Oldhat\u00f3s\u00e1g<\/strong><\/td>\n<td>V\u00edzben oldhatatlan, szerves old\u00f3szerekben (alkohol, aceton) old\u00f3dik<\/td>\n<\/tr>\n<\/tbody>\n<\/table>\n<p><strong>A Tretinoin farmakol\u00f3giai profilja<\/strong><\/p>\n<table>\n<thead>\n<tr>\n<th><strong>Param\u00e9ter<\/strong><\/th>\n<th><strong>R\u00e9szlet<\/strong><\/th>\n<\/tr>\n<\/thead>\n<tbody>\n<tr>\n<td><strong>Hat\u00e1smechanizmus<\/strong><\/td>\n<td>Retinoid receptorokat aktiv\u00e1l, befoly\u00e1solja a g\u00e9n\u00e1t\u00edr\u00e1st<\/td>\n<\/tr>\n<tr>\n<td><strong>Alkalmaz\u00e1si form\u00e1k<\/strong><\/td>\n<td>Helyi (kr\u00e9m, g\u00e9l, lotion), Sziszt\u00e9m\u00e1s (onkol\u00f3giai kezel\u00e9s)<\/td>\n<\/tr>\n<tr>\n<td><strong>Ter\u00e1pi\u00e1s javallatok<\/strong><\/td>\n<td>Akn\u00e9 kezel\u00e9s, b\u0151rfiatal\u00edt\u00e1s, hiperkerat\u00f3zis<\/td>\n<\/tr>\n<\/tbody>\n<\/table>\n<p><strong>A Tretinoin spektroszk\u00f3piai \u00e9s fizikai-k\u00e9miai jellemz\u0151i<\/strong><\/p>\n<table>\n<thead>\n<tr>\n<th><strong>Jellemz\u0151<\/strong><\/th>\n<th><strong>R\u00e9szlet<\/strong><\/th>\n<\/tr>\n<\/thead>\n<tbody>\n<tr>\n<td><strong>UV-Vis spektrum<\/strong><\/td>\n<td>Maxim\u00e1lis UV elnyel\u00e9s kb. 350 nm-n\u00e9l<\/td>\n<\/tr>\n<tr>\n<td><strong>IR spektrum<\/strong><\/td>\n<td>F\u0151 s\u00e1vok 1690 cm(^{-1}) (C=O ny\u00fajt\u00e1s), 1200 cm(^{-1}) (C-O ny\u00fajt\u00e1s)<\/td>\n<\/tr>\n<tr>\n<td><strong>Fotok\u00e9miai stabilit\u00e1s<\/strong><\/td>\n<td>F\u00e9ny\u00e9rz\u00e9keny, UV f\u00e9ny hat\u00e1s\u00e1ra bomlik<\/td>\n<\/tr>\n<tr>\n<td><strong>Topik\u00e1lis term\u00e9kek pH-ja<\/strong><\/td>\n<td>3,5 \u00e9s 4,5 k\u00f6z\u00f6tt optimaliz\u00e1lt a stabilit\u00e1s \u00e9s hat\u00e9konys\u00e1g \u00e9rdek\u00e9ben<\/td>\n<\/tr>\n<tr>\n<td><strong>Szt\u00e9rikus konfigur\u00e1ci\u00f3<\/strong><\/td>\n<td>All-transz<\/td>\n<\/tr>\n<\/tbody>\n<\/table>\n<p><strong>A Tretinoin farmakokinetikai \u00e9s toxikol\u00f3giai szempontjai<\/strong><\/p>\n<table>\n<thead>\n<tr>\n<th><strong>Param\u00e9ter<\/strong><\/th>\n<th><strong>R\u00e9szlet<\/strong><\/th>\n<\/tr>\n<\/thead>\n<tbody>\n<tr>\n<td><strong>Felsz\u00edv\u00f3d\u00e1s<\/strong><\/td>\n<td>Minim\u00e1lis sziszt\u00e9m\u00e1s felsz\u00edv\u00f3d\u00e1s helyi alkalmaz\u00e1s sor\u00e1n<\/td>\n<\/tr>\n<tr>\n<td><strong>Metabolizmus<\/strong><\/td>\n<td>Kiterjedt m\u00e1jbeli metabolizmus, f\u0151k\u00e9nt oxid\u00e1ci\u00f3 \u00fatj\u00e1n<\/td>\n<\/tr>\n<tr>\n<td><strong>Biol\u00f3giai felez\u00e9si id\u0151<\/strong><\/td>\n<td>Plazma felez\u00e9si id\u0151 50 perc alatt<\/td>\n<\/tr>\n<tr>\n<td><strong>Akut toxicit\u00e1s (LD(_{50}))<\/strong><\/td>\n<td>K\u00f6r\u00fclbel\u00fcl 2 g\/kg patk\u00e1nyokn\u00e1l or\u00e1lis alkalmaz\u00e1s eset\u00e9n<\/td>\n<\/tr>\n<tr>\n<td><strong>Gy\u00f3gyszerk\u00f6lcs\u00f6nhat\u00e1sok<\/strong><\/td>\n<td>Ker\u00fclend\u0151 az egyidej\u0171 alkalmaz\u00e1s m\u00e1s retinoidokkal vagy A-vitamin k\u00e9sz\u00edtm\u00e9nyekkel a t\u00faladagol\u00e1s megel\u0151z\u00e9se \u00e9rdek\u00e9ben<\/td>\n<\/tr>\n<tr>\n<td><strong>Teratog\u00e9n besorol\u00e1s<\/strong><\/td>\n<td>FDA \u00e1ltal X kateg\u00f3ri\u00e1ba sorolt terhess\u00e9g eset\u00e9n<\/td>\n<\/tr>\n<\/tbody>\n<\/table>\n<p><strong>Ter\u00e1pi\u00e1s javallatok, adagol\u00e1s \u00e9s alkalmaz\u00e1si \u00fatmutat\u00f3<\/strong><\/p>\n<table>\n<thead>\n<tr>\n<th><strong>Ter\u00e1pi\u00e1s javallat<\/strong><\/th>\n<th><strong>Gy\u00f3gyszerforma<\/strong><\/th>\n<th><strong>Koncentr\u00e1ci\u00f3<\/strong><\/th>\n<th><strong>Aj\u00e1nlott adagol\u00e1s<\/strong><\/th>\n<th><strong>Alkalmaz\u00e1s gyakoris\u00e1ga<\/strong><\/th>\n<th><strong>Kezel\u00e9s id\u0151tartama<\/strong><\/th>\n<th><strong>K\u00fcl\u00f6nleges utas\u00edt\u00e1sok<\/strong><\/th>\n<\/tr>\n<\/thead>\n<tbody>\n<tr>\n<td>Akn\u00e9 vulg\u00e1ris<\/td>\n<td>Kr\u00e9m\/G\u00e9l\/Lotion<\/td>\n<td>0,025%-0,1%<\/td>\n<td>Napi egyszeri alkalmaz\u00e1s, este<\/td>\n<td>Naponta egyszer<\/td>\n<td>8-12 h\u00e9t<\/td>\n<td>Ker\u00fclje a szemmel val\u00f3 \u00e9rintkez\u00e9st<\/td>\n<\/tr>\n<tr>\n<td>F\u00e9ny\u00f6reged\u00e9s<\/td>\n<td>Kr\u00e9m<\/td>\n<td>0,05%<\/td>\n<td>Kezdje k\u00e9tnaponta<\/td>\n<td>Hozz\u00e1szok\u00e1s ut\u00e1n naponta<\/td>\n<td>6 h\u00f3nap<\/td>\n<td>Arcmos\u00e1s ut\u00e1n 20-30 perccel alkalmazza<\/td>\n<\/tr>\n<tr>\n<td>Hiperpigment\u00e1ci\u00f3<\/td>\n<td>G\u00e9l<\/td>\n<td>0,1%<\/td>\n<td>V\u00e9kony r\u00e9tegben az \u00e9rintett ter\u00fcletekre<\/td>\n<td>K\u00e9tnaponta egyszer<\/td>\n<td>V\u00e1ltoz\u00f3<\/td>\n<td>Haszn\u00e1ljon f\u00e9nyv\u00e9delmet<\/td>\n<\/tr>\n<tr>\n<td>Aktinikus kerat\u00f3zis<\/td>\n<td>Kr\u00e9m<\/td>\n<td>0,1%<\/td>\n<td>Napi alkalmaz\u00e1s<\/td>\n<td>Naponta<\/td>\n<td>Maximum 4 h\u00f3nap<\/td>\n<td>Figyelje az irrit\u00e1ci\u00f3t<\/td>\n<\/tr>\n<tr>\n<td>Finom r\u00e1ncok<\/td>\n<td>Sz\u00e9rum<\/td>\n<td>0,01%<\/td>\n<td>Napi egyszeri alkalmaz\u00e1s<\/td>\n<td>Naponta<\/td>\n<td>Hossz\u00fa t\u00e1v\u00fa<\/td>\n<td>Kombin\u00e1lhat\u00f3 m\u00e1s ter\u00e1pi\u00e1kkal<\/td>\n<\/tr>\n<tr>\n<td>Stri\u00e1k<\/td>\n<td>Lotion<\/td>\n<td>0,025%<\/td>\n<td>Napi alkalmaz\u00e1s<\/td>\n<td>Naponta egyszer vagy k\u00e9tszer<\/td>\n<td>Maximum 6 h\u00f3nap<\/td>\n<td>Kezdeti b\u0151rpr\u00f3ba<\/td>\n<\/tr>\n<tr>\n<td>Hiperkerat\u00f3zis<\/td>\n<td>Kr\u00e9m<\/td>\n<td>0,05%<\/td>\n<td>Napi alkalmaz\u00e1s<\/td>\n<td>Naponta<\/td>\n<td>Egy\u00e9ni<\/td>\n<td>Ker\u00fclje az \u00e9rz\u00e9keny ter\u00fcleteket<\/td>\n<\/tr>\n<\/tbody>\n<\/table>\n<p><strong>Ellenjavallatok, \u00f3vint\u00e9zked\u00e9sek \u00e9s mell\u00e9khat\u00e1sok<\/strong><\/p>\n<table>\n<thead>\n<tr>\n<th><strong>Ellenjavallat\/\u00d3vint\u00e9zked\u00e9s<\/strong><\/th>\n<th><strong>Le\u00edr\u00e1s<\/strong><\/th>\n<th><strong>Gyakori Mell\u00e9khat\u00e1s<\/strong><\/th>\n<th><strong>Mell\u00e9khat\u00e1sok Kezel\u00e9se<\/strong><\/th>\n<\/tr>\n<\/thead>\n<tbody>\n<tr>\n<td>Tretinoinra val\u00f3 t\u00fal\u00e9rz\u00e9kenys\u00e9g<\/td>\n<td>S\u00falyos allergi\u00e1s reakci\u00f3<\/td>\n<td>Helyi irrit\u00e1ci\u00f3<\/td>\n<td>Alkalmaz\u00e1si gyakoris\u00e1g cs\u00f6kkent\u00e9se<\/td>\n<\/tr>\n<tr>\n<td>Terhess\u00e9g \u00e9s szoptat\u00e1s<\/td>\n<td>Ellenjavallt (X kateg\u00f3ria)<\/td>\n<td>B\u0151rsz\u00e1razs\u00e1g<\/td>\n<td>Hidrat\u00e1l\u00f3k \u00e9s b\u0151rpuh\u00edt\u00f3k haszn\u00e1lata<\/td>\n<\/tr>\n<tr>\n<td>Retinoidok egyidej\u0171 haszn\u00e1lata<\/td>\n<td>Fokozott f\u00e9ny\u00e9rz\u00e9kenys\u00e9g \u00e9s irrit\u00e1ci\u00f3 kock\u00e1zata<\/td>\n<td>B\u0151rp\u00edr \u00e9s \u00e9g\u0151 \u00e9rz\u00e9s<\/td>\n<td>Este alkalmazni, f\u00e9nyv\u00e9delem haszn\u00e1lata<\/td>\n<\/tr>\n<tr>\n<td>Napf\u00e9ny-expoz\u00edci\u00f3<\/td>\n<td>N\u00f6veli a b\u0151r UV-\u00e9rz\u00e9kenys\u00e9g\u00e9t<\/td>\n<td>H\u00e1ml\u00e1s<\/td>\n<td>SPF 30+ napi haszn\u00e1lata<\/td>\n<\/tr>\n<tr>\n<td>\u00c9rz\u00e9keny b\u0151r<\/td>\n<td>Tov\u00e1bbi \u00f3vint\u00e9zked\u00e9sek sz\u00fcks\u00e9gesek<\/td>\n<td>F\u00e9ny\u00e9rz\u00e9kenys\u00e9g<\/td>\n<td>S\u00falyos t\u00fcnetek eset\u00e9n \u00e1tmenetileg abbahagyni<\/td>\n<\/tr>\n<tr>\n<td>Id\u0151sekn\u00e9l val\u00f3 alkalmaz\u00e1s<\/td>\n<td>Fokozott irrit\u00e1ci\u00f3s lehet\u0151s\u00e9g, v\u00e9konyabb b\u0151r<\/td>\n<td>Viszket\u00e9s<\/td>\n<td>Adagol\u00e1s \u00e9s alkalmaz\u00e1si m\u00f3dszer m\u00f3dos\u00edt\u00e1sa<\/td>\n<\/tr>\n<tr>\n<td>Megl\u00e9v\u0151 b\u0151rprobl\u00e9m\u00e1k<\/td>\n<td>S\u00falyosb\u00edthatja az ekc\u00e9m\u00e1t vagy dermatitiszt<\/td>\n<td>T\u00fcnetek s\u00falyosbod\u00e1sa<\/td>\n<td>B\u0151rgy\u00f3gy\u00e1sszal konzult\u00e1lni a kezel\u00e9s m\u00f3dos\u00edt\u00e1s\u00e1r\u00f3l<\/td>\n<\/tr>\n<\/tbody>\n<\/table>\n<h2><strong>6. A tretinoin haszn\u00e1lat\u00e1nak m\u00f3djai<\/strong><\/h2>\n<h3><strong>6.1. Akne kezel\u00e9se<\/strong><\/h3>\n<p>A tretinoin egyik leggyakoribb felhaszn\u00e1l\u00e1si m\u00f3dja az akne kezel\u00e9se. Az elhalt sejtek h\u00e1ml\u00e1s\u00e1nak felgyors\u00edt\u00e1s\u00e1val m\u0171k\u00f6dik, \u00edgy megel\u0151zve a p\u00f3rusok elt\u00f6m\u0151d\u00e9s\u00e9t. Hat\u00e9kony:<\/p>\n<ul>\n<li>Az akn\u00e9s epiz\u00f3dok s\u00falyoss\u00e1g\u00e1nak cs\u00f6kkent\u00e9s\u00e9ben.<\/li>\n<li>A b\u0151r fels\u0151 r\u00e9teg\u00e9nek elt\u00e1vol\u00edt\u00e1s\u00e1ban a p\u00f3rusok tiszt\u00edt\u00e1sa \u00e9rdek\u00e9ben.<\/li>\n<\/ul>\n<h3><strong>6.2. A b\u0151r text\u00far\u00e1j\u00e1nak jav\u00edt\u00e1sa<\/strong><\/h3>\n<p>A tretioint gyakran haszn\u00e1lj\u00e1k a b\u0151r \u00e1ltal\u00e1nos text\u00far\u00e1j\u00e1nak jav\u00edt\u00e1s\u00e1ra, l\u00e1that\u00f3 hat\u00e1ssal van a finom r\u00e1ncokra \u00e9s a pigmentfoltokra. A kollag\u00e9ntermel\u00e9st serkent\u0151 hat\u00e1sa sim\u00e1bb \u00e9s rugalmasabb b\u0151rt eredm\u00e9nyez.<\/p>\n<table>\n<thead>\n<tr>\n<th><strong>B\u0151rel\u0151ny\u00f6k<\/strong><\/th>\n<th><strong>Le\u00edr\u00e1s<\/strong><\/th>\n<\/tr>\n<\/thead>\n<tbody>\n<tr>\n<td><strong>R\u00e1nccs\u00f6kkent\u00e9s<\/strong><\/td>\n<td>Serkenti a kollag\u00e9n szint\u00e9zist.<\/td>\n<\/tr>\n<tr>\n<td><strong>Pigment\u00e1ci\u00f3 korrekci\u00f3<\/strong><\/td>\n<td>Seg\u00edt kiegyenl\u00edteni a b\u0151rt\u00f3nust.<\/td>\n<\/tr>\n<tr>\n<td><strong>\u00c1ltal\u00e1nos text\u00fara jav\u00edt\u00e1s<\/strong><\/td>\n<td>Fokozza a sejtek meg\u00fajul\u00e1s\u00e1t.<\/td>\n<\/tr>\n<\/tbody>\n<\/table>\n<h3><strong>6.3. Egy\u00e9b javallatok<\/strong><\/h3>\n<p>Az akne \u00e9s a b\u0151rfiatal\u00edt\u00e1s mellett a tretioint haszn\u00e1lj\u00e1k m\u00e9g:<\/p>\n<ul>\n<li>Az aktinikus kerat\u00f3zis kezel\u00e9s\u00e9re, amely a kr\u00f3nikus napf\u00e9ny-expoz\u00edci\u00f3 miatt alakul ki.<\/li>\n<li>A korai b\u0151r\u00f6reged\u00e9s megel\u0151z\u00e9s\u00e9re szolg\u00e1l\u00f3 kezel\u00e9s r\u00e9szek\u00e9nt.<\/li>\n<\/ul>\n<h2><strong>7. \u00datmutat\u00f3 a tretinoin haszn\u00e1lat\u00e1hoz<\/strong><\/h2>\n<p>A tretinoin haszn\u00e1lata gondos \u00e9s t\u00e1j\u00e9kozott megk\u00f6zel\u00edt\u00e9st ig\u00e9nyel, mivel hat\u00e9konys\u00e1ga mell\u00e9khat\u00e1sokkal j\u00e1rhat, ha nem megfelel\u0151en alkalmazz\u00e1k. \u00cdme egy r\u00e9szletes \u00fatmutat\u00f3 a tretinoin haszn\u00e1lat\u00e1hoz, amely seg\u00edt a p\u00e1cienseknek \u00e9s orvosoknak optimaliz\u00e1lni a kezel\u00e9st.<\/p>\n<p><strong>B\u0151r el\u0151k\u00e9sz\u00edt\u00e9se<\/strong><\/p>\n<ol>\n<li><strong>B\u0151rtiszt\u00edt\u00e1s<\/strong>: A tretinoin alkalmaz\u00e1sa el\u0151tt gyeng\u00e9den tiszt\u00edtsa meg arc\u00e1t alkoholmentes, k\u00edm\u00e9l\u0151 tiszt\u00edt\u00f3szerrel.<\/li>\n<li><strong>B\u0151rsz\u00e1r\u00edt\u00e1s<\/strong>: Gy\u0151z\u0151dj\u00f6n meg r\u00f3la, hogy a b\u0151r teljesen sz\u00e1raz (v\u00e1rjon 20-30 percet mos\u00e1s ut\u00e1n) az irrit\u00e1ci\u00f3 kock\u00e1zat\u00e1nak cs\u00f6kkent\u00e9se \u00e9rdek\u00e9ben.<\/li>\n<\/ol>\n<p><strong>Tretinoin alkalmaz\u00e1sa<\/strong><\/p>\n<table>\n<thead>\n<tr>\n<th><strong>L\u00e9p\u00e9s<\/strong><\/th>\n<th><strong>Utas\u00edt\u00e1sok<\/strong><\/th>\n<\/tr>\n<\/thead>\n<tbody>\n<tr>\n<td><strong>Haszn\u00e1lt mennyis\u00e9g<\/strong><\/td>\n<td>Haszn\u00e1ljon kis mennyis\u00e9get, k\u00f6r\u00fclbel\u00fcl egy bors\u00f3nyi adagot az eg\u00e9sz arcra.<\/td>\n<\/tr>\n<tr>\n<td><strong>Alkalmaz\u00e1si m\u00f3dszer<\/strong><\/td>\n<td>Egyenletesen oszlassa el a term\u00e9ket az arc b\u0151r\u00e9n, ker\u00fclve a szemmel, ajkakkal \u00e9s az orr sarkaival val\u00f3 \u00e9rintkez\u00e9st.<\/td>\n<\/tr>\n<tr>\n<td><strong>Alkalmaz\u00e1s id\u0151z\u00edt\u00e9se<\/strong><\/td>\n<td>Este alkalmazza a tretioint az UV-f\u00e9ny expoz\u00edci\u00f3 minimaliz\u00e1l\u00e1sa \u00e9rdek\u00e9ben.<\/td>\n<\/tr>\n<\/tbody>\n<\/table>\n<p><strong>Tolerancia kialak\u00edt\u00e1sa<\/strong><\/p>\n<ol>\n<li><strong>Fokozatos bevezet\u00e9s<\/strong>: Kezdje a tretinoin alkalmaz\u00e1s\u00e1t k\u00e9tnaponta vagy m\u00e9g ritk\u00e1bban, hogy a b\u0151r alkalmazkodhasson.<\/li>\n<li><strong>Gyakoris\u00e1g n\u00f6vel\u00e9se<\/strong>: K\u00e9t-n\u00e9gy h\u00e9t ut\u00e1n, ha a b\u0151r j\u00f3l toler\u00e1lja, n\u00f6velje a gyakoris\u00e1got napi alkalmaz\u00e1sra.<\/li>\n<\/ol>\n<p><strong>\u00d3vint\u00e9zked\u00e9sek<\/strong><\/p>\n<ul>\n<li><strong>Napv\u00e9delem<\/strong>: Haszn\u00e1ljon naponta sz\u00e9les spektrum\u00fa f\u00e9nyv\u00e9d\u0151t (SPF 30+), mivel a tretinoin n\u00f6veli a b\u0151r nap\u00e9rz\u00e9kenys\u00e9g\u00e9t.<\/li>\n<li><strong>Hidrat\u00e1l\u00e1s<\/strong>: Sz\u00fcks\u00e9g eset\u00e9n haszn\u00e1ljon nem irrit\u00e1l\u00f3 hidrat\u00e1l\u00f3t a tretinoin ut\u00e1n a sz\u00e1razs\u00e1g elleni k\u00fczdelemhez.<\/li>\n<li><strong>Potenci\u00e1lisan irrit\u00e1l\u00f3 hat\u00f3anyagok ker\u00fcl\u00e9se<\/strong>: Ne haszn\u00e1ljon alkoholt, savakat (BHA, AHA, stb.) vagy m\u00e1s retinoidokat tartalmaz\u00f3 term\u00e9keket a tretinoinnal egyidej\u0171leg.<\/li>\n<\/ul>\n<p><strong>Reakci\u00f3k megfigyel\u00e9se<\/strong><\/p>\n<ul>\n<li><strong>Gyakori reakci\u00f3k<\/strong>: A haszn\u00e1lat els\u0151 heteiben gyakori az \u00e1tmeneti piross\u00e1g, sz\u00e1razs\u00e1g vagy h\u00e1ml\u00e1s. Ezek a b\u0151r &#8222;tisztul\u00e1si&#8221; folyamat\u00e1nak r\u00e9szei.<\/li>\n<li><strong>Megfigyel\u00e9s<\/strong>: Ha az irrit\u00e1ci\u00f3 tart\u00f3s vagy s\u00falyoss\u00e1 v\u00e1lik, cs\u00f6kkentse a haszn\u00e1lat gyakoris\u00e1g\u00e1t \u00e9s konzult\u00e1ljon orvos\u00e1val.<\/li>\n<\/ul>\n<p><strong>Orvosi konzult\u00e1ci\u00f3<\/strong><\/p>\n<p>A tretinoin kezel\u00e9s megkezd\u00e9se el\u0151tt fontos konzult\u00e1lni egy b\u0151rgy\u00f3gy\u00e1sszal, k\u00fcl\u00f6n\u00f6sen az al\u00e1bbi esetekben:<\/p>\n<ul>\n<li>\u00c9rz\u00e9keny b\u0151r vagy megl\u00e9v\u0151 \u00e1llapotok, mint p\u00e9ld\u00e1ul ekc\u00e9ma vagy rosacea.<\/li>\n<li>M\u00e1s helyi vagy sz\u00e1jon \u00e1t szedhet\u0151 gy\u00f3gyszerek alkalmaz\u00e1sa, amelyek k\u00f6lcs\u00f6nhat\u00e1sba l\u00e9phetnek a tretinoinnal.<\/li>\n<\/ul>\n<p>A helyes rutin alkalmaz\u00e1sa \u00e9s ezen haszn\u00e1lati \u00fatmutat\u00f3 k\u00f6vet\u00e9se seg\u00edt maximaliz\u00e1lni a tretinoin kezel\u00e9s el\u0151nyeit, mik\u00f6zben minimaliz\u00e1lja a mell\u00e9khat\u00e1sokat. A szem\u00e9lyre szabott m\u00f3dos\u00edt\u00e1sok kulcsfontoss\u00e1g\u00faak az egy\u00e9ni betegig\u00e9nyek kiel\u00e9g\u00edt\u00e9s\u00e9hez.<\/p>\n<h2><strong>8. V\u00e9gs\u0151 Gondolatok<\/strong><\/h2>\n<p>A tretinoin, a b\u0151rgy\u00f3gy\u00e1szat egyik alappill\u00e9re, tov\u00e1bbra is inspir\u00e1l\u00f3 megold\u00e1sokat k\u00edn\u00e1l k\u00fcl\u00f6nf\u00e9le b\u0151rprobl\u00e9m\u00e1kra. A sejtek meg\u00fajul\u00e1s\u00e1ban \u00e9s az \u00f6reged\u00e9s elleni k\u00fczdelemben bet\u00f6lt\u00f6tt szerepe n\u00e9lk\u00fcl\u00f6zhetetlen sz\u00f6vets\u00e9gess\u00e9 teszi mind a szakemberek, mind a felhaszn\u00e1l\u00f3k sz\u00e1m\u00e1ra. B\u00e1r a kezel\u00e9s kezdet\u00e9n mell\u00e9khat\u00e1sok jelentkezhetnek, a felel\u0151ss\u00e9gteljes \u00e9s t\u00e1j\u00e9kozott haszn\u00e1lat figyelemre m\u00e9lt\u00f3 eredm\u00e9nyekhez vezethet. A b\u0151r fokozatos alkalmazkod\u00e1sa \u00e9s a megfelel\u0151 \u00e1pol\u00e1si rutin kialak\u00edt\u00e1sa maximaliz\u00e1lhatja a tretinoin el\u0151nyeit.<\/p>\n<p>A tretinoin forradalmi szerepet t\u00f6lt be a b\u0151rgy\u00f3gy\u00e1szatban, hiszen hat\u00e9konyan kezeli a b\u0151rprobl\u00e9m\u00e1k sz\u00e9les sk\u00e1l\u00e1j\u00e1t az akn\u00e9t\u00f3l az \u00f6reged\u00e9s jeleiig. A helyi kezel\u00e9sek arany standardjak\u00e9nt a tretinoin a sejtek meg\u00fajul\u00e1s\u00e1nak serkent\u00e9s\u00e9vel, az elhalt sejtek h\u00e1mlaszt\u00e1s\u00e1val \u00e9s a b\u0151r regener\u00e1l\u00f3d\u00e1s\u00e1val m\u0171k\u00f6dik. Ez a m\u00e9lyrehat\u00f3 folyamat hozz\u00e1j\u00e1rul a p\u00f3rusok tisztul\u00e1s\u00e1hoz, a finom r\u00e1ncok cs\u00f6kkent\u00e9s\u00e9hez \u00e9s jelent\u0151sen jav\u00edtja a b\u0151r \u00e1ltal\u00e1nos text\u00far\u00e1j\u00e1t.<\/p>\n<p>A tretinoin egyik \u00e9rt\u00e9kes tulajdons\u00e1ga a kollag\u00e9n szint\u00e9zis\u00e9re gyakorolt hat\u00e1sa, amely elengedhetetlen a b\u0151r rugalmass\u00e1g\u00e1nak \u00e9s feszess\u00e9g\u00e9nek meg\u0151rz\u00e9s\u00e9hez. A fokozott kollag\u00e9ntermel\u00e9s nemcsak a megl\u00e9v\u0151 r\u00e1ncok l\u00e1that\u00f3s\u00e1g\u00e1t cs\u00f6kkenti, hanem megel\u0151zi az \u00faj \u00f6reged\u00e9si jelek megjelen\u00e9s\u00e9t is. \u00cdgy hossz\u00fa t\u00e1von a tretinoin nemcsak korrig\u00e1lja, hanem v\u00e9di is a b\u0151r szerkezet\u00e9t.<\/p>\n<p>Azonban e figyelemre m\u00e9lt\u00f3 el\u0151ny\u00f6k ellen\u00e9re fontos, hogy a felhaszn\u00e1l\u00f3k tiszt\u00e1ban legyenek a kezel\u00e9s kezdet\u00e9n jelentkez\u0151 esetleges mell\u00e9khat\u00e1sokkal, mint p\u00e9ld\u00e1ul a b\u0151rp\u00edr, h\u00e1ml\u00e1s \u00e9s fokozott f\u00e9ny\u00e9rz\u00e9kenys\u00e9g. Megfelel\u0151 odafigyel\u00e9ssel \u00e9s felel\u0151ss\u00e9gteljes alkalmaz\u00e1ssal ezek a hat\u00e1sok hat\u00e9konyan kezelhet\u0151k. Ez\u00e9rt kulcsfontoss\u00e1g\u00fa a tretinoin fokozatos bevezet\u00e9se a rutinba \u2013 ez lehet\u0151v\u00e9 teszi a b\u0151r fokozatos alkalmazkod\u00e1s\u00e1t, \u00edgy cs\u00f6kkentve az irrit\u00e1ci\u00f3 kock\u00e1zat\u00e1t.<\/p>\n<p>A kieg\u00e9sz\u00edt\u0151 \u00e1pol\u00e1si rutin kialak\u00edt\u00e1sa szint\u00e9n l\u00e9tfontoss\u00e1g\u00fa. Ennek tartalmaznia kell min\u0151s\u00e9gi hidrat\u00e1l\u00f3 rendszeres haszn\u00e1lat\u00e1t a tretinoin sz\u00e1r\u00edt\u00f3 hat\u00e1s\u00e1nak ellens\u00falyoz\u00e1s\u00e1ra, valamint sz\u00e9les spektrum\u00fa f\u00e9nyv\u00e9d\u0151t, mivel a tretinoin n\u00f6veli a b\u0151r UV-\u00e9rz\u00e9kenys\u00e9g\u00e9t. \u00cdgy a f\u00e9nyv\u00e9delem kulcsfontoss\u00e1g\u00fa pill\u00e9rr\u00e9 v\u00e1lik a lehets\u00e9ges mell\u00e9khat\u00e1sok megel\u0151z\u00e9s\u00e9ben \u00e9s a hossz\u00fa t\u00e1v\u00fa pozit\u00edv eredm\u00e9nyek fenntart\u00e1s\u00e1ban.<\/p>\n<p>Emellett a b\u0151rgy\u00f3gy\u00e1sszal val\u00f3 egy\u00fcttm\u0171k\u00f6d\u00e9s rendk\u00edv\u00fcl el\u0151ny\u00f6s, k\u00fcl\u00f6n\u00f6sen az \u00e9rz\u00e9kenyebb b\u0151rt\u00edpus\u00fa vagy megl\u00e9v\u0151 b\u0151rprobl\u00e9m\u00e1kkal k\u00fczd\u0151 p\u00e1ciensek sz\u00e1m\u00e1ra. A szakmai fel\u00fcgyelet seg\u00edt a kezel\u00e9s egy\u00e9ni ig\u00e9nyekhez val\u00f3 igaz\u00edt\u00e1s\u00e1ban \u00e9s biztos\u00edtja, hogy a p\u00e1ciensek a lehet\u0151 legjobb eredm\u00e9nyeket \u00e9rj\u00e9k el.<\/p>\n<p>\u00d6sszefoglalva, a tretinoin tov\u00e1bbra is alapvet\u0151 \u00f6sszetev\u0151 marad a b\u0151rgy\u00f3gy\u00e1szati eszk\u00f6zt\u00e1rban, k\u00f6sz\u00f6nhet\u0151en a b\u0151r \u00e1talak\u00edt\u00e1s\u00e1ra \u00e9s meg\u00faj\u00edt\u00e1s\u00e1ra val\u00f3 k\u00e9pess\u00e9g\u00e9nek. Az akn\u00e9 kezel\u00e9s\u00e9t\u0151l kezdve a modern \u00f6reged\u00e9sg\u00e1tl\u00f3 kezel\u00e9sekig a tretinoin egyed\u00fcl\u00e1ll\u00f3 kombin\u00e1ci\u00f3j\u00e1t mutatja a sokoldal\u00fas\u00e1gnak \u00e9s hat\u00e9konys\u00e1gnak, amelyet a kutat\u00e1s \u00e9s a klinikai tapasztalat folyamatosan b\u0151v\u00edt \u00e9s finom\u00edt. A haszn\u00e1lati m\u00f3dszer \u00e9s az elv\u00e1r\u00e1sok megfelel\u0151 igaz\u00edt\u00e1s\u00e1val mind a szakemberek, mind a felhaszn\u00e1l\u00f3k teljes m\u00e9rt\u00e9kben felfedezhetik \u00e9s kihaszn\u00e1lhatj\u00e1k a tretinoin potenci\u00e1lj\u00e1t.<\/p>\n<h2><strong>9. Inform\u00e1ci\u00f3forr\u00e1sok<\/strong><\/h2>\n<p>A tretinoinr\u00f3l sz\u00f3l\u00f3 ismeretek elm\u00e9ly\u00edt\u00e9s\u00e9hez a k\u00f6vetkez\u0151 forr\u00e1sokat aj\u00e1nljuk:<\/p>\n<ol>\n<li><strong>Tudom\u00e1nyos Cikkek \u00e9s Kutat\u00e1sok<\/strong>:\n<ul>\n<li><a href=\"https:\/\/pubmed.ncbi.nlm.nih.gov\/\" rel=\"nofollow noopener\" target=\"_blank\">PubMed<\/a> &#8211; Retinoidokr\u00f3l \u00e9s hat\u00e1saikr\u00f3l sz\u00f3l\u00f3 tudom\u00e1nyos cikkek adatb\u00e1zisa.<\/li>\n<li><a href=\"https:\/\/www.researchgate.net\/\" rel=\"nofollow noopener\" target=\"_blank\">ResearchGate<\/a> &#8211; Tudom\u00e1nyos platform r\u00e9szletes b\u0151rgy\u00f3gy\u00e1szati kutat\u00e1sokkal.<\/li>\n<\/ul>\n<\/li>\n<li><strong>B\u0151rgy\u00f3gy\u00e1szati Foly\u00f3iratok<\/strong>:\n<ul>\n<li>The Journal of Clinical and Aesthetic Dermatology: A tretinoin k\u00fcl\u00f6nb\u00f6z\u0151 klinikai alkalmaz\u00e1sair\u00f3l sz\u00f3l\u00f3 publik\u00e1ci\u00f3k.<\/li>\n<\/ul>\n<\/li>\n<li><strong>Megb\u00edzhat\u00f3 Weboldalak<\/strong>:\n<ul>\n<li><a href=\"https:\/\/www.webmd.com\/\" rel=\"nofollow noopener\" target=\"_blank\">WebMD<\/a> &#8211; \u00c1tfog\u00f3 inform\u00e1ci\u00f3k a tretinoin hat\u00e1sair\u00f3l \u00e9s alkalmaz\u00e1s\u00e1r\u00f3l.<\/li>\n<li><a href=\"https:\/\/www.mayoclinic.org\/\" rel=\"nofollow noopener\" target=\"_blank\">Mayo Clinic<\/a> &#8211; Vil\u00e1gos \u00e9s gyakorlati \u00fatmutat\u00f3k a tretinoin helyes haszn\u00e1lat\u00e1hoz.<\/li>\n<\/ul>\n<\/li>\n<\/ol>\n<p>Ez a r\u00e9szletes \u00fatmutat\u00f3 teljes k\u00f6r\u0171 \u00e1ttekint\u00e9st k\u00edv\u00e1n ny\u00fajtani a tretinoinr\u00f3l \u00e9s arr\u00f3l, hogyan v\u00e1lhat b\u0151r\u00e1pol\u00e1si rutinj\u00e1nak hasznos r\u00e9sz\u00e9v\u00e9.<\/p>\n<p><!-- notionvc: 8eba8d46-f1b4-4dec-bb0c-f2df29441796 --><\/p>\n<p><!-- notionvc: 72762d3b-2efc-4871-b06b-117e53842328 --><\/p>\n<div id=\"gtx-trans\" style=\"position: absolute; left: 1193px; top: 702px;\">\n<div class=\"gtx-trans-icon\"><\/div>\n<\/div>\n","protected":false},"excerpt":{"rendered":"<p>1. A Tretinoin \u00e1ttekint\u00e9se Mi a Tretinoin? A tretinoin, amely az A-vitamin sz\u00e1rmaz\u00e9ka, egy gyakran haszn\u00e1lt hat\u00f3anyag a b\u0151rgy\u00f3gy\u00e1szatban sz\u00e1mos b\u0151rre gyakorolt&hellip;<\/p>\n","protected":false},"author":44,"featured_media":7362,"comment_status":"open","ping_status":"open","sticky":false,"template":"","format":"standard","meta":{"footnotes":""},"categories":[321],"tags":[322,323],"class_list":["post-7388","post","type-post","status-publish","format-standard","has-post-thumbnail","hentry","category-tretinoin-4","tag-mi-a-tretinoin","tag-tretinoin-hu"],"_links":{"self":[{"href":"https:\/\/tretinoins.com\/hu\/wp-json\/wp\/v2\/posts\/7388","targetHints":{"allow":["GET"]}}],"collection":[{"href":"https:\/\/tretinoins.com\/hu\/wp-json\/wp\/v2\/posts"}],"about":[{"href":"https:\/\/tretinoins.com\/hu\/wp-json\/wp\/v2\/types\/post"}],"author":[{"embeddable":true,"href":"https:\/\/tretinoins.com\/hu\/wp-json\/wp\/v2\/users\/44"}],"replies":[{"embeddable":true,"href":"https:\/\/tretinoins.com\/hu\/wp-json\/wp\/v2\/comments?post=7388"}],"version-history":[{"count":3,"href":"https:\/\/tretinoins.com\/hu\/wp-json\/wp\/v2\/posts\/7388\/revisions"}],"predecessor-version":[{"id":7392,"href":"https:\/\/tretinoins.com\/hu\/wp-json\/wp\/v2\/posts\/7388\/revisions\/7392"}],"wp:featuredmedia":[{"embeddable":true,"href":"https:\/\/tretinoins.com\/hu\/wp-json\/wp\/v2\/media\/7362"}],"wp:attachment":[{"href":"https:\/\/tretinoins.com\/hu\/wp-json\/wp\/v2\/media?parent=7388"}],"wp:term":[{"taxonomy":"category","embeddable":true,"href":"https:\/\/tretinoins.com\/hu\/wp-json\/wp\/v2\/categories?post=7388"},{"taxonomy":"post_tag","embeddable":true,"href":"https:\/\/tretinoins.com\/hu\/wp-json\/wp\/v2\/tags?post=7388"}],"curies":[{"name":"wp","href":"https:\/\/api.w.org\/{rel}","templated":true}]}}